{"id":7255,"date":"2024-11-24T10:10:16","date_gmt":"2024-11-24T10:10:16","guid":{"rendered":"https:\/\/www.grupotagar.com\/idelgrua-iberica-e-gruav-recebem-distincao-de-pme-lider-2024\/"},"modified":"2024-11-24T10:12:59","modified_gmt":"2024-11-24T10:12:59","slug":"idelgrua-iberica-e-gruav-recebem-distincao-de-pme-lider-2024","status":"publish","type":"post","link":"https:\/\/www.grupotagar.com\/es\/idelgrua-iberica-e-gruav-recebem-distincao-de-pme-lider-2024\/","title":{"rendered":"Idelgrua Ib\u00e9rica y Gruav Reciben la Distinci\u00f3n de PYME L\u00edder 2024"},"content":{"rendered":"\n<p>Las empresas <strong>Idelgrua Ib\u00e9rica<\/strong> y <strong>Gruav<\/strong> han sido reconocidas por el IAPMEI como <strong>Pymes L\u00edder 2024<\/strong>, destac\u00e1ndose por su solidez financiera, desempe\u00f1o superior y contribuci\u00f3n al desarrollo de la econom\u00eda nacional.<\/p>\n\n\n\n<p>Este prestigioso estatus se otorga a empresas que sobresalen por la calidad de su gesti\u00f3n y el papel relevante que desempe\u00f1an en sus respectivos sectores de actividad. Al recibir esta distinci\u00f3n, Idelgrua Ib\u00e9rica y Gruav refuerzan su compromiso con la excelencia, la innovaci\u00f3n y la creaci\u00f3n de valor para sus clientes, colaboradores y socios.<\/p>\n\n\n\n<p>Agradecemos a todos los que han sido parte de este camino de crecimiento y dedicaci\u00f3n. Este reconocimiento nos motiva a seguir elevando los est\u00e1ndares de calidad y fortaleciendo nuestra posici\u00f3n en el mercado.<\/p>\n\n\n\n<p>\u00a1Permanece atento a nuestras novedades y sigue nuestro trabajo! <\/p>\n\n\n\n<p>Juntos, seguimos construyendo el futuro.<\/p>\n","protected":false},"excerpt":{"rendered":"<p>Las empresas Idelgrua Ib\u00e9rica y Gruav han sido reconocidas por el IAPMEI como Pymes L\u00edder 2024, destac\u00e1ndose por su solidez financiera, desempe\u00f1o superior y contribuci\u00f3n al desarrollo de la econom\u00eda nacional. Este prestigioso estatus se &#8230; <\/p>\n<p class=\"read-more-container\"><a title=\"Idelgrua Ib\u00e9rica y Gruav Reciben la Distinci\u00f3n de PYME L\u00edder 2024\" class=\"read-more button\" href=\"https:\/\/www.grupotagar.com\/es\/idelgrua-iberica-e-gruav-recebem-distincao-de-pme-lider-2024\/#more-7255\" aria-label=\"Leer m\u00e1s sobre Idelgrua Ib\u00e9rica y Gruav Reciben la Distinci\u00f3n de PYME L\u00edder 2024\">Ler Mais +<\/a><\/p>\n","protected":false},"author":1,"featured_media":7252,"comment_status":"closed","ping_status":"closed","sticky":false,"template":"","format":"standard","meta":{"footnotes":""},"categories":[57],"tags":[],"class_list":["post-7255","post","type-post","status-publish","format-standard","has-post-thumbnail","hentry","category-noticias-es","infinite-scroll-item","masonry-post","generate-columns","tablet-grid-50","mobile-grid-100","grid-parent","grid-50"],"yoast_head":"<!-- This site is optimized with the Yoast SEO plugin v27.4 - https:\/\/yoast.com\/product\/yoast-seo-wordpress\/ -->\n<title>Idelgrua Ib\u00e9rica y Gruav Reciben la Distinci\u00f3n de PYME L\u00edder 2024 - Grupo Tagar<\/title>\n<meta name=\"robots\" content=\"index, follow, max-snippet:-1, max-image-preview:large, max-video-preview:-1\" \/>\n<link rel=\"canonical\" href=\"https:\/\/www.grupotagar.com\/es\/idelgrua-iberica-e-gruav-recebem-distincao-de-pme-lider-2024\/\" \/>\n<meta property=\"og:locale\" content=\"es_ES\" \/>\n<meta property=\"og:type\" content=\"article\" \/>\n<meta property=\"og:title\" content=\"Idelgrua Ib\u00e9rica y Gruav Reciben la Distinci\u00f3n de PYME L\u00edder 2024 - Grupo Tagar\" \/>\n<meta property=\"og:description\" content=\"Las empresas Idelgrua Ib\u00e9rica y Gruav han sido reconocidas por el IAPMEI como Pymes L\u00edder 2024, destac\u00e1ndose por su solidez financiera, desempe\u00f1o superior y contribuci\u00f3n al desarrollo de la econom\u00eda nacional. Este prestigioso estatus se ... Ler Mais +\" \/>\n<meta property=\"og:url\" content=\"https:\/\/www.grupotagar.com\/es\/idelgrua-iberica-e-gruav-recebem-distincao-de-pme-lider-2024\/\" \/>\n<meta property=\"og:site_name\" content=\"Grupo Tagar\" \/>\n<meta property=\"article:publisher\" content=\"https:\/\/www.facebook.com\/grupotagar\/\" \/>\n<meta property=\"article:published_time\" content=\"2024-11-24T10:10:16+00:00\" \/>\n<meta property=\"article:modified_time\" content=\"2024-11-24T10:12:59+00:00\" \/>\n<meta property=\"og:image\" content=\"https:\/\/www.grupotagar.com\/wp-content\/uploads\/2024\/11\/pme2024.webp\" \/>\n\t<meta property=\"og:image:width\" content=\"987\" \/>\n\t<meta property=\"og:image:height\" content=\"482\" \/>\n\t<meta property=\"og:image:type\" content=\"image\/webp\" \/>\n<meta name=\"author\" content=\"fabiosilva\" \/>\n<meta name=\"twitter:card\" content=\"summary_large_image\" \/>\n<meta name=\"twitter:label1\" content=\"Escrito por\" \/>\n\t<meta name=\"twitter:data1\" content=\"fabiosilva\" \/>\n\t<meta name=\"twitter:label2\" content=\"Tiempo de lectura\" \/>\n\t<meta name=\"twitter:data2\" content=\"1 minuto\" \/>\n<script type=\"application\/ld+json\" class=\"yoast-schema-graph\">{\"@context\":\"https:\\\/\\\/schema.org\",\"@graph\":[{\"@type\":\"Article\",\"@id\":\"https:\\\/\\\/www.grupotagar.com\\\/es\\\/idelgrua-iberica-e-gruav-recebem-distincao-de-pme-lider-2024\\\/#article\",\"isPartOf\":{\"@id\":\"https:\\\/\\\/www.grupotagar.com\\\/es\\\/idelgrua-iberica-e-gruav-recebem-distincao-de-pme-lider-2024\\\/\"},\"author\":{\"name\":\"fabiosilva\",\"@id\":\"https:\\\/\\\/www.grupotagar.com\\\/es\\\/#\\\/schema\\\/person\\\/cbbfc396070547713bddcac1f73de65e\"},\"headline\":\"Idelgrua Ib\u00e9rica y Gruav Reciben la Distinci\u00f3n de PYME L\u00edder 2024\",\"datePublished\":\"2024-11-24T10:10:16+00:00\",\"dateModified\":\"2024-11-24T10:12:59+00:00\",\"mainEntityOfPage\":{\"@id\":\"https:\\\/\\\/www.grupotagar.com\\\/es\\\/idelgrua-iberica-e-gruav-recebem-distincao-de-pme-lider-2024\\\/\"},\"wordCount\":159,\"publisher\":{\"@id\":\"https:\\\/\\\/www.grupotagar.com\\\/es\\\/#organization\"},\"image\":{\"@id\":\"https:\\\/\\\/www.grupotagar.com\\\/es\\\/idelgrua-iberica-e-gruav-recebem-distincao-de-pme-lider-2024\\\/#primaryimage\"},\"thumbnailUrl\":\"https:\\\/\\\/www.grupotagar.com\\\/wp-content\\\/uploads\\\/2024\\\/11\\\/pme2024.webp\",\"articleSection\":[\"Noticias\"],\"inLanguage\":\"es\"},{\"@type\":\"WebPage\",\"@id\":\"https:\\\/\\\/www.grupotagar.com\\\/es\\\/idelgrua-iberica-e-gruav-recebem-distincao-de-pme-lider-2024\\\/\",\"url\":\"https:\\\/\\\/www.grupotagar.com\\\/es\\\/idelgrua-iberica-e-gruav-recebem-distincao-de-pme-lider-2024\\\/\",\"name\":\"Idelgrua Ib\u00e9rica y Gruav Reciben la Distinci\u00f3n de PYME L\u00edder 2024 - Grupo Tagar\",\"isPartOf\":{\"@id\":\"https:\\\/\\\/www.grupotagar.com\\\/es\\\/#website\"},\"primaryImageOfPage\":{\"@id\":\"https:\\\/\\\/www.grupotagar.com\\\/es\\\/idelgrua-iberica-e-gruav-recebem-distincao-de-pme-lider-2024\\\/#primaryimage\"},\"image\":{\"@id\":\"https:\\\/\\\/www.grupotagar.com\\\/es\\\/idelgrua-iberica-e-gruav-recebem-distincao-de-pme-lider-2024\\\/#primaryimage\"},\"thumbnailUrl\":\"https:\\\/\\\/www.grupotagar.com\\\/wp-content\\\/uploads\\\/2024\\\/11\\\/pme2024.webp\",\"datePublished\":\"2024-11-24T10:10:16+00:00\",\"dateModified\":\"2024-11-24T10:12:59+00:00\",\"breadcrumb\":{\"@id\":\"https:\\\/\\\/www.grupotagar.com\\\/es\\\/idelgrua-iberica-e-gruav-recebem-distincao-de-pme-lider-2024\\\/#breadcrumb\"},\"inLanguage\":\"es\",\"potentialAction\":[{\"@type\":\"ReadAction\",\"target\":[\"https:\\\/\\\/www.grupotagar.com\\\/es\\\/idelgrua-iberica-e-gruav-recebem-distincao-de-pme-lider-2024\\\/\"]}]},{\"@type\":\"ImageObject\",\"inLanguage\":\"es\",\"@id\":\"https:\\\/\\\/www.grupotagar.com\\\/es\\\/idelgrua-iberica-e-gruav-recebem-distincao-de-pme-lider-2024\\\/#primaryimage\",\"url\":\"https:\\\/\\\/www.grupotagar.com\\\/wp-content\\\/uploads\\\/2024\\\/11\\\/pme2024.webp\",\"contentUrl\":\"https:\\\/\\\/www.grupotagar.com\\\/wp-content\\\/uploads\\\/2024\\\/11\\\/pme2024.webp\",\"width\":987,\"height\":482},{\"@type\":\"BreadcrumbList\",\"@id\":\"https:\\\/\\\/www.grupotagar.com\\\/es\\\/idelgrua-iberica-e-gruav-recebem-distincao-de-pme-lider-2024\\\/#breadcrumb\",\"itemListElement\":[{\"@type\":\"ListItem\",\"position\":1,\"name\":\"In\u00edcio\",\"item\":\"https:\\\/\\\/www.grupotagar.com\\\/es\\\/\"},{\"@type\":\"ListItem\",\"position\":2,\"name\":\"Idelgrua Ib\u00e9rica y Gruav Reciben la Distinci\u00f3n de PYME L\u00edder 2024\"}]},{\"@type\":\"WebSite\",\"@id\":\"https:\\\/\\\/www.grupotagar.com\\\/es\\\/#website\",\"url\":\"https:\\\/\\\/www.grupotagar.com\\\/es\\\/\",\"name\":\"Grupo Tagar\",\"description\":\"We Make Your Project Happen\",\"publisher\":{\"@id\":\"https:\\\/\\\/www.grupotagar.com\\\/es\\\/#organization\"},\"potentialAction\":[{\"@type\":\"SearchAction\",\"target\":{\"@type\":\"EntryPoint\",\"urlTemplate\":\"https:\\\/\\\/www.grupotagar.com\\\/es\\\/?s={search_term_string}\"},\"query-input\":{\"@type\":\"PropertyValueSpecification\",\"valueRequired\":true,\"valueName\":\"search_term_string\"}}],\"inLanguage\":\"es\"},{\"@type\":\"Organization\",\"@id\":\"https:\\\/\\\/www.grupotagar.com\\\/es\\\/#organization\",\"name\":\"Grupo Tagar\",\"url\":\"https:\\\/\\\/www.grupotagar.com\\\/es\\\/\",\"logo\":{\"@type\":\"ImageObject\",\"inLanguage\":\"es\",\"@id\":\"https:\\\/\\\/www.grupotagar.com\\\/es\\\/#\\\/schema\\\/logo\\\/image\\\/\",\"url\":\"https:\\\/\\\/www.grupotagar.com\\\/wp-content\\\/uploads\\\/2019\\\/07\\\/grupotagar.png\",\"contentUrl\":\"https:\\\/\\\/www.grupotagar.com\\\/wp-content\\\/uploads\\\/2019\\\/07\\\/grupotagar.png\",\"width\":210,\"height\":80,\"caption\":\"Grupo Tagar\"},\"image\":{\"@id\":\"https:\\\/\\\/www.grupotagar.com\\\/es\\\/#\\\/schema\\\/logo\\\/image\\\/\"},\"sameAs\":[\"https:\\\/\\\/www.facebook.com\\\/grupotagar\\\/\",\"https:\\\/\\\/www.linkedin.com\\\/company\\\/grupotagar\\\/\",\"https:\\\/\\\/www.youtube.com\\\/user\\\/grupotagar\"]},{\"@type\":\"Person\",\"@id\":\"https:\\\/\\\/www.grupotagar.com\\\/es\\\/#\\\/schema\\\/person\\\/cbbfc396070547713bddcac1f73de65e\",\"name\":\"fabiosilva\"}]}<\/script>\n<!-- \/ Yoast SEO plugin. -->","yoast_head_json":{"title":"Idelgrua Ib\u00e9rica y Gruav Reciben la Distinci\u00f3n de PYME L\u00edder 2024 - Grupo Tagar","robots":{"index":"index","follow":"follow","max-snippet":"max-snippet:-1","max-image-preview":"max-image-preview:large","max-video-preview":"max-video-preview:-1"},"canonical":"https:\/\/www.grupotagar.com\/es\/idelgrua-iberica-e-gruav-recebem-distincao-de-pme-lider-2024\/","og_locale":"es_ES","og_type":"article","og_title":"Idelgrua Ib\u00e9rica y Gruav Reciben la Distinci\u00f3n de PYME L\u00edder 2024 - Grupo Tagar","og_description":"Las empresas Idelgrua Ib\u00e9rica y Gruav han sido reconocidas por el IAPMEI como Pymes L\u00edder 2024, destac\u00e1ndose por su solidez financiera, desempe\u00f1o superior y contribuci\u00f3n al desarrollo de la econom\u00eda nacional. Este prestigioso estatus se ... Ler Mais +","og_url":"https:\/\/www.grupotagar.com\/es\/idelgrua-iberica-e-gruav-recebem-distincao-de-pme-lider-2024\/","og_site_name":"Grupo Tagar","article_publisher":"https:\/\/www.facebook.com\/grupotagar\/","article_published_time":"2024-11-24T10:10:16+00:00","article_modified_time":"2024-11-24T10:12:59+00:00","og_image":[{"width":987,"height":482,"url":"https:\/\/www.grupotagar.com\/wp-content\/uploads\/2024\/11\/pme2024.webp","type":"image\/webp"}],"author":"fabiosilva","twitter_card":"summary_large_image","twitter_misc":{"Escrito por":"fabiosilva","Tiempo de lectura":"1 minuto"},"schema":{"@context":"https:\/\/schema.org","@graph":[{"@type":"Article","@id":"https:\/\/www.grupotagar.com\/es\/idelgrua-iberica-e-gruav-recebem-distincao-de-pme-lider-2024\/#article","isPartOf":{"@id":"https:\/\/www.grupotagar.com\/es\/idelgrua-iberica-e-gruav-recebem-distincao-de-pme-lider-2024\/"},"author":{"name":"fabiosilva","@id":"https:\/\/www.grupotagar.com\/es\/#\/schema\/person\/cbbfc396070547713bddcac1f73de65e"},"headline":"Idelgrua Ib\u00e9rica y Gruav Reciben la Distinci\u00f3n de PYME L\u00edder 2024","datePublished":"2024-11-24T10:10:16+00:00","dateModified":"2024-11-24T10:12:59+00:00","mainEntityOfPage":{"@id":"https:\/\/www.grupotagar.com\/es\/idelgrua-iberica-e-gruav-recebem-distincao-de-pme-lider-2024\/"},"wordCount":159,"publisher":{"@id":"https:\/\/www.grupotagar.com\/es\/#organization"},"image":{"@id":"https:\/\/www.grupotagar.com\/es\/idelgrua-iberica-e-gruav-recebem-distincao-de-pme-lider-2024\/#primaryimage"},"thumbnailUrl":"https:\/\/www.grupotagar.com\/wp-content\/uploads\/2024\/11\/pme2024.webp","articleSection":["Noticias"],"inLanguage":"es"},{"@type":"WebPage","@id":"https:\/\/www.grupotagar.com\/es\/idelgrua-iberica-e-gruav-recebem-distincao-de-pme-lider-2024\/","url":"https:\/\/www.grupotagar.com\/es\/idelgrua-iberica-e-gruav-recebem-distincao-de-pme-lider-2024\/","name":"Idelgrua Ib\u00e9rica y Gruav Reciben la Distinci\u00f3n de PYME L\u00edder 2024 - Grupo Tagar","isPartOf":{"@id":"https:\/\/www.grupotagar.com\/es\/#website"},"primaryImageOfPage":{"@id":"https:\/\/www.grupotagar.com\/es\/idelgrua-iberica-e-gruav-recebem-distincao-de-pme-lider-2024\/#primaryimage"},"image":{"@id":"https:\/\/www.grupotagar.com\/es\/idelgrua-iberica-e-gruav-recebem-distincao-de-pme-lider-2024\/#primaryimage"},"thumbnailUrl":"https:\/\/www.grupotagar.com\/wp-content\/uploads\/2024\/11\/pme2024.webp","datePublished":"2024-11-24T10:10:16+00:00","dateModified":"2024-11-24T10:12:59+00:00","breadcrumb":{"@id":"https:\/\/www.grupotagar.com\/es\/idelgrua-iberica-e-gruav-recebem-distincao-de-pme-lider-2024\/#breadcrumb"},"inLanguage":"es","potentialAction":[{"@type":"ReadAction","target":["https:\/\/www.grupotagar.com\/es\/idelgrua-iberica-e-gruav-recebem-distincao-de-pme-lider-2024\/"]}]},{"@type":"ImageObject","inLanguage":"es","@id":"https:\/\/www.grupotagar.com\/es\/idelgrua-iberica-e-gruav-recebem-distincao-de-pme-lider-2024\/#primaryimage","url":"https:\/\/www.grupotagar.com\/wp-content\/uploads\/2024\/11\/pme2024.webp","contentUrl":"https:\/\/www.grupotagar.com\/wp-content\/uploads\/2024\/11\/pme2024.webp","width":987,"height":482},{"@type":"BreadcrumbList","@id":"https:\/\/www.grupotagar.com\/es\/idelgrua-iberica-e-gruav-recebem-distincao-de-pme-lider-2024\/#breadcrumb","itemListElement":[{"@type":"ListItem","position":1,"name":"In\u00edcio","item":"https:\/\/www.grupotagar.com\/es\/"},{"@type":"ListItem","position":2,"name":"Idelgrua Ib\u00e9rica y Gruav Reciben la Distinci\u00f3n de PYME L\u00edder 2024"}]},{"@type":"WebSite","@id":"https:\/\/www.grupotagar.com\/es\/#website","url":"https:\/\/www.grupotagar.com\/es\/","name":"Grupo Tagar","description":"We Make Your Project Happen","publisher":{"@id":"https:\/\/www.grupotagar.com\/es\/#organization"},"potentialAction":[{"@type":"SearchAction","target":{"@type":"EntryPoint","urlTemplate":"https:\/\/www.grupotagar.com\/es\/?s={search_term_string}"},"query-input":{"@type":"PropertyValueSpecification","valueRequired":true,"valueName":"search_term_string"}}],"inLanguage":"es"},{"@type":"Organization","@id":"https:\/\/www.grupotagar.com\/es\/#organization","name":"Grupo Tagar","url":"https:\/\/www.grupotagar.com\/es\/","logo":{"@type":"ImageObject","inLanguage":"es","@id":"https:\/\/www.grupotagar.com\/es\/#\/schema\/logo\/image\/","url":"https:\/\/www.grupotagar.com\/wp-content\/uploads\/2019\/07\/grupotagar.png","contentUrl":"https:\/\/www.grupotagar.com\/wp-content\/uploads\/2019\/07\/grupotagar.png","width":210,"height":80,"caption":"Grupo Tagar"},"image":{"@id":"https:\/\/www.grupotagar.com\/es\/#\/schema\/logo\/image\/"},"sameAs":["https:\/\/www.facebook.com\/grupotagar\/","https:\/\/www.linkedin.com\/company\/grupotagar\/","https:\/\/www.youtube.com\/user\/grupotagar"]},{"@type":"Person","@id":"https:\/\/www.grupotagar.com\/es\/#\/schema\/person\/cbbfc396070547713bddcac1f73de65e","name":"fabiosilva"}]}},"_links":{"self":[{"href":"https:\/\/www.grupotagar.com\/es\/wp-json\/wp\/v2\/posts\/7255","targetHints":{"allow":["GET"]}}],"collection":[{"href":"https:\/\/www.grupotagar.com\/es\/wp-json\/wp\/v2\/posts"}],"about":[{"href":"https:\/\/www.grupotagar.com\/es\/wp-json\/wp\/v2\/types\/post"}],"author":[{"embeddable":true,"href":"https:\/\/www.grupotagar.com\/es\/wp-json\/wp\/v2\/users\/1"}],"replies":[{"embeddable":true,"href":"https:\/\/www.grupotagar.com\/es\/wp-json\/wp\/v2\/comments?post=7255"}],"version-history":[{"count":1,"href":"https:\/\/www.grupotagar.com\/es\/wp-json\/wp\/v2\/posts\/7255\/revisions"}],"predecessor-version":[{"id":7256,"href":"https:\/\/www.grupotagar.com\/es\/wp-json\/wp\/v2\/posts\/7255\/revisions\/7256"}],"wp:featuredmedia":[{"embeddable":true,"href":"https:\/\/www.grupotagar.com\/es\/wp-json\/wp\/v2\/media\/7252"}],"wp:attachment":[{"href":"https:\/\/www.grupotagar.com\/es\/wp-json\/wp\/v2\/media?parent=7255"}],"wp:term":[{"taxonomy":"category","embeddable":true,"href":"https:\/\/www.grupotagar.com\/es\/wp-json\/wp\/v2\/categories?post=7255"},{"taxonomy":"post_tag","embeddable":true,"href":"https:\/\/www.grupotagar.com\/es\/wp-json\/wp\/v2\/tags?post=7255"}],"curies":[{"name":"wp","href":"https:\/\/api.w.org\/{rel}","templated":true}]}}