{"id":7723,"date":"2025-05-09T09:27:44","date_gmt":"2025-05-09T09:27:44","guid":{"rendered":"https:\/\/www.grupotagar.com\/laso-e-grupo-tagar-anunciaram-parceria\/"},"modified":"2025-05-09T09:30:53","modified_gmt":"2025-05-09T09:30:53","slug":"laso-e-grupo-tagar-anunciaram-parceria","status":"publish","type":"post","link":"https:\/\/www.grupotagar.com\/es\/laso-e-grupo-tagar-anunciaram-parceria\/","title":{"rendered":"LASO y GRUPO TAGAR Anuncian Alianza"},"content":{"rendered":"\n<p>El Grupo Tagar se ha consolidado de forma constante como una referencia en el sector del alquiler de gr\u00faas y soluciones de elevaci\u00f3n en Portugal, con una trayectoria marcada por un crecimiento sostenible, la confianza de nuestros clientes y la consolidaci\u00f3n de sus empresas.<\/p>\n\n\n\n<p>Actualmente, nos encontramos en un claro proceso de expansi\u00f3n, con el crecimiento de nuestra flota, el refuerzo de los procesos operativos y administrativos, y un compromiso continuo con los m\u00e1s altos est\u00e1ndares de calidad, medio ambiente y seguridad.<\/p>\n\n\n\n<p>En este contexto de crecimiento y consolidaci\u00f3n, a partir de mayo de este a\u00f1o, hemos establecido una alianza estrat\u00e9gica con la empresa LASO Transportes, reconocida por su posicionamiento en el sector del transporte especializado en Portugal y en Europa.<\/p>\n\n\n\n<p>Esta uni\u00f3n re\u00fane a dos estructuras con trayectorias distintas pero igualmente s\u00f3lidas: el Grupo Tagar, con una amplia experiencia en el alquiler de gr\u00faas y soluciones de elevaci\u00f3n, y LASO, especializada en el transporte por carretera de mercanc\u00edas especiales.<\/p>\n\n\n\n<p>A partir de ahora, el Grupo Tagar y LASO actuar\u00e1n de forma conjunta en diversas operaciones, aprovechando lo mejor de cada estructura para ofrecer soluciones integradas, eficientes y competitivas a nuestros clientes, especialmente en proyectos de alta complejidad t\u00e9cnica, como los del sector e\u00f3lico e industrial.<\/p>\n\n\n\n<p>Este paso refuerza nuestro compromiso con la innovaci\u00f3n, la excelencia y el crecimiento sostenible.<\/p>\n\n\n\n<p>M\u00e1s que una alianza, es la uni\u00f3n de dos empresas fuertes que comparten los mismos valores y la misma visi\u00f3n: seguir siendo una referencia en el sector.<\/p>\n","protected":false},"excerpt":{"rendered":"<p>El Grupo Tagar se ha consolidado de forma constante como una referencia en el sector del alquiler de gr\u00faas y soluciones de elevaci\u00f3n en Portugal, con una trayectoria marcada por un crecimiento sostenible, la confianza &#8230; <\/p>\n<p class=\"read-more-container\"><a title=\"LASO y GRUPO TAGAR Anuncian Alianza\" class=\"read-more button\" href=\"https:\/\/www.grupotagar.com\/es\/laso-e-grupo-tagar-anunciaram-parceria\/#more-7723\" aria-label=\"Leer m\u00e1s sobre LASO y GRUPO TAGAR Anuncian Alianza\">Ler Mais +<\/a><\/p>\n","protected":false},"author":1,"featured_media":7719,"comment_status":"closed","ping_status":"closed","sticky":false,"template":"","format":"standard","meta":{"footnotes":""},"categories":[61],"tags":[],"class_list":["post-7723","post","type-post","status-publish","format-standard","has-post-thumbnail","hentry","category-comunidados","infinite-scroll-item","masonry-post","generate-columns","tablet-grid-50","mobile-grid-100","grid-parent","grid-50"],"yoast_head":"<!-- This site is optimized with the Yoast SEO plugin v27.4 - https:\/\/yoast.com\/product\/yoast-seo-wordpress\/ -->\n<title>LASO y GRUPO TAGAR Anuncian Alianza - Grupo Tagar<\/title>\n<meta name=\"robots\" content=\"index, follow, max-snippet:-1, max-image-preview:large, max-video-preview:-1\" \/>\n<link rel=\"canonical\" href=\"https:\/\/www.grupotagar.com\/es\/laso-e-grupo-tagar-anunciaram-parceria\/\" \/>\n<meta property=\"og:locale\" content=\"es_ES\" \/>\n<meta property=\"og:type\" content=\"article\" \/>\n<meta property=\"og:title\" content=\"LASO y GRUPO TAGAR Anuncian Alianza - Grupo Tagar\" \/>\n<meta property=\"og:description\" content=\"El Grupo Tagar se ha consolidado de forma constante como una referencia en el sector del alquiler de gr\u00faas y soluciones de elevaci\u00f3n en Portugal, con una trayectoria marcada por un crecimiento sostenible, la confianza ... Ler Mais +\" \/>\n<meta property=\"og:url\" content=\"https:\/\/www.grupotagar.com\/es\/laso-e-grupo-tagar-anunciaram-parceria\/\" \/>\n<meta property=\"og:site_name\" content=\"Grupo Tagar\" \/>\n<meta property=\"article:publisher\" content=\"https:\/\/www.facebook.com\/grupotagar\/\" \/>\n<meta property=\"article:published_time\" content=\"2025-05-09T09:27:44+00:00\" \/>\n<meta property=\"article:modified_time\" content=\"2025-05-09T09:30:53+00:00\" \/>\n<meta property=\"og:image\" content=\"https:\/\/www.grupotagar.com\/wp-content\/uploads\/2025\/05\/LASO-and-TAGAR-GROUP-alliance-scaled-1.jpg\" \/>\n\t<meta property=\"og:image:width\" content=\"2048\" \/>\n\t<meta property=\"og:image:height\" content=\"1243\" \/>\n\t<meta property=\"og:image:type\" content=\"image\/jpeg\" \/>\n<meta name=\"author\" content=\"fabiosilva\" \/>\n<meta name=\"twitter:card\" content=\"summary_large_image\" \/>\n<meta name=\"twitter:label1\" content=\"Escrito por\" \/>\n\t<meta name=\"twitter:data1\" content=\"fabiosilva\" \/>\n\t<meta name=\"twitter:label2\" content=\"Tiempo de lectura\" \/>\n\t<meta name=\"twitter:data2\" content=\"2 minutos\" \/>\n<script type=\"application\/ld+json\" class=\"yoast-schema-graph\">{\"@context\":\"https:\\\/\\\/schema.org\",\"@graph\":[{\"@type\":\"Article\",\"@id\":\"https:\\\/\\\/www.grupotagar.com\\\/es\\\/laso-e-grupo-tagar-anunciaram-parceria\\\/#article\",\"isPartOf\":{\"@id\":\"https:\\\/\\\/www.grupotagar.com\\\/es\\\/laso-e-grupo-tagar-anunciaram-parceria\\\/\"},\"author\":{\"name\":\"fabiosilva\",\"@id\":\"https:\\\/\\\/www.grupotagar.com\\\/es\\\/#\\\/schema\\\/person\\\/cbbfc396070547713bddcac1f73de65e\"},\"headline\":\"LASO y GRUPO TAGAR Anuncian Alianza\",\"datePublished\":\"2025-05-09T09:27:44+00:00\",\"dateModified\":\"2025-05-09T09:30:53+00:00\",\"mainEntityOfPage\":{\"@id\":\"https:\\\/\\\/www.grupotagar.com\\\/es\\\/laso-e-grupo-tagar-anunciaram-parceria\\\/\"},\"wordCount\":275,\"publisher\":{\"@id\":\"https:\\\/\\\/www.grupotagar.com\\\/es\\\/#organization\"},\"image\":{\"@id\":\"https:\\\/\\\/www.grupotagar.com\\\/es\\\/laso-e-grupo-tagar-anunciaram-parceria\\\/#primaryimage\"},\"thumbnailUrl\":\"https:\\\/\\\/www.grupotagar.com\\\/wp-content\\\/uploads\\\/2025\\\/05\\\/LASO-and-TAGAR-GROUP-alliance-scaled-1.jpg\",\"articleSection\":[\"Comunidados\"],\"inLanguage\":\"es\"},{\"@type\":\"WebPage\",\"@id\":\"https:\\\/\\\/www.grupotagar.com\\\/es\\\/laso-e-grupo-tagar-anunciaram-parceria\\\/\",\"url\":\"https:\\\/\\\/www.grupotagar.com\\\/es\\\/laso-e-grupo-tagar-anunciaram-parceria\\\/\",\"name\":\"LASO y GRUPO TAGAR Anuncian Alianza - Grupo Tagar\",\"isPartOf\":{\"@id\":\"https:\\\/\\\/www.grupotagar.com\\\/es\\\/#website\"},\"primaryImageOfPage\":{\"@id\":\"https:\\\/\\\/www.grupotagar.com\\\/es\\\/laso-e-grupo-tagar-anunciaram-parceria\\\/#primaryimage\"},\"image\":{\"@id\":\"https:\\\/\\\/www.grupotagar.com\\\/es\\\/laso-e-grupo-tagar-anunciaram-parceria\\\/#primaryimage\"},\"thumbnailUrl\":\"https:\\\/\\\/www.grupotagar.com\\\/wp-content\\\/uploads\\\/2025\\\/05\\\/LASO-and-TAGAR-GROUP-alliance-scaled-1.jpg\",\"datePublished\":\"2025-05-09T09:27:44+00:00\",\"dateModified\":\"2025-05-09T09:30:53+00:00\",\"breadcrumb\":{\"@id\":\"https:\\\/\\\/www.grupotagar.com\\\/es\\\/laso-e-grupo-tagar-anunciaram-parceria\\\/#breadcrumb\"},\"inLanguage\":\"es\",\"potentialAction\":[{\"@type\":\"ReadAction\",\"target\":[\"https:\\\/\\\/www.grupotagar.com\\\/es\\\/laso-e-grupo-tagar-anunciaram-parceria\\\/\"]}]},{\"@type\":\"ImageObject\",\"inLanguage\":\"es\",\"@id\":\"https:\\\/\\\/www.grupotagar.com\\\/es\\\/laso-e-grupo-tagar-anunciaram-parceria\\\/#primaryimage\",\"url\":\"https:\\\/\\\/www.grupotagar.com\\\/wp-content\\\/uploads\\\/2025\\\/05\\\/LASO-and-TAGAR-GROUP-alliance-scaled-1.jpg\",\"contentUrl\":\"https:\\\/\\\/www.grupotagar.com\\\/wp-content\\\/uploads\\\/2025\\\/05\\\/LASO-and-TAGAR-GROUP-alliance-scaled-1.jpg\",\"width\":2048,\"height\":1243},{\"@type\":\"BreadcrumbList\",\"@id\":\"https:\\\/\\\/www.grupotagar.com\\\/es\\\/laso-e-grupo-tagar-anunciaram-parceria\\\/#breadcrumb\",\"itemListElement\":[{\"@type\":\"ListItem\",\"position\":1,\"name\":\"In\u00edcio\",\"item\":\"https:\\\/\\\/www.grupotagar.com\\\/es\\\/\"},{\"@type\":\"ListItem\",\"position\":2,\"name\":\"LASO y GRUPO TAGAR Anuncian Alianza\"}]},{\"@type\":\"WebSite\",\"@id\":\"https:\\\/\\\/www.grupotagar.com\\\/es\\\/#website\",\"url\":\"https:\\\/\\\/www.grupotagar.com\\\/es\\\/\",\"name\":\"Grupo Tagar\",\"description\":\"We Make Your Project Happen\",\"publisher\":{\"@id\":\"https:\\\/\\\/www.grupotagar.com\\\/es\\\/#organization\"},\"potentialAction\":[{\"@type\":\"SearchAction\",\"target\":{\"@type\":\"EntryPoint\",\"urlTemplate\":\"https:\\\/\\\/www.grupotagar.com\\\/es\\\/?s={search_term_string}\"},\"query-input\":{\"@type\":\"PropertyValueSpecification\",\"valueRequired\":true,\"valueName\":\"search_term_string\"}}],\"inLanguage\":\"es\"},{\"@type\":\"Organization\",\"@id\":\"https:\\\/\\\/www.grupotagar.com\\\/es\\\/#organization\",\"name\":\"Grupo Tagar\",\"url\":\"https:\\\/\\\/www.grupotagar.com\\\/es\\\/\",\"logo\":{\"@type\":\"ImageObject\",\"inLanguage\":\"es\",\"@id\":\"https:\\\/\\\/www.grupotagar.com\\\/es\\\/#\\\/schema\\\/logo\\\/image\\\/\",\"url\":\"https:\\\/\\\/www.grupotagar.com\\\/wp-content\\\/uploads\\\/2019\\\/07\\\/grupotagar.png\",\"contentUrl\":\"https:\\\/\\\/www.grupotagar.com\\\/wp-content\\\/uploads\\\/2019\\\/07\\\/grupotagar.png\",\"width\":210,\"height\":80,\"caption\":\"Grupo Tagar\"},\"image\":{\"@id\":\"https:\\\/\\\/www.grupotagar.com\\\/es\\\/#\\\/schema\\\/logo\\\/image\\\/\"},\"sameAs\":[\"https:\\\/\\\/www.facebook.com\\\/grupotagar\\\/\",\"https:\\\/\\\/www.linkedin.com\\\/company\\\/grupotagar\\\/\",\"https:\\\/\\\/www.youtube.com\\\/user\\\/grupotagar\"]},{\"@type\":\"Person\",\"@id\":\"https:\\\/\\\/www.grupotagar.com\\\/es\\\/#\\\/schema\\\/person\\\/cbbfc396070547713bddcac1f73de65e\",\"name\":\"fabiosilva\"}]}<\/script>\n<!-- \/ Yoast SEO plugin. -->","yoast_head_json":{"title":"LASO y GRUPO TAGAR Anuncian Alianza - Grupo Tagar","robots":{"index":"index","follow":"follow","max-snippet":"max-snippet:-1","max-image-preview":"max-image-preview:large","max-video-preview":"max-video-preview:-1"},"canonical":"https:\/\/www.grupotagar.com\/es\/laso-e-grupo-tagar-anunciaram-parceria\/","og_locale":"es_ES","og_type":"article","og_title":"LASO y GRUPO TAGAR Anuncian Alianza - Grupo Tagar","og_description":"El Grupo Tagar se ha consolidado de forma constante como una referencia en el sector del alquiler de gr\u00faas y soluciones de elevaci\u00f3n en Portugal, con una trayectoria marcada por un crecimiento sostenible, la confianza ... Ler Mais +","og_url":"https:\/\/www.grupotagar.com\/es\/laso-e-grupo-tagar-anunciaram-parceria\/","og_site_name":"Grupo Tagar","article_publisher":"https:\/\/www.facebook.com\/grupotagar\/","article_published_time":"2025-05-09T09:27:44+00:00","article_modified_time":"2025-05-09T09:30:53+00:00","og_image":[{"width":2048,"height":1243,"url":"https:\/\/www.grupotagar.com\/wp-content\/uploads\/2025\/05\/LASO-and-TAGAR-GROUP-alliance-scaled-1.jpg","type":"image\/jpeg"}],"author":"fabiosilva","twitter_card":"summary_large_image","twitter_misc":{"Escrito por":"fabiosilva","Tiempo de lectura":"2 minutos"},"schema":{"@context":"https:\/\/schema.org","@graph":[{"@type":"Article","@id":"https:\/\/www.grupotagar.com\/es\/laso-e-grupo-tagar-anunciaram-parceria\/#article","isPartOf":{"@id":"https:\/\/www.grupotagar.com\/es\/laso-e-grupo-tagar-anunciaram-parceria\/"},"author":{"name":"fabiosilva","@id":"https:\/\/www.grupotagar.com\/es\/#\/schema\/person\/cbbfc396070547713bddcac1f73de65e"},"headline":"LASO y GRUPO TAGAR Anuncian Alianza","datePublished":"2025-05-09T09:27:44+00:00","dateModified":"2025-05-09T09:30:53+00:00","mainEntityOfPage":{"@id":"https:\/\/www.grupotagar.com\/es\/laso-e-grupo-tagar-anunciaram-parceria\/"},"wordCount":275,"publisher":{"@id":"https:\/\/www.grupotagar.com\/es\/#organization"},"image":{"@id":"https:\/\/www.grupotagar.com\/es\/laso-e-grupo-tagar-anunciaram-parceria\/#primaryimage"},"thumbnailUrl":"https:\/\/www.grupotagar.com\/wp-content\/uploads\/2025\/05\/LASO-and-TAGAR-GROUP-alliance-scaled-1.jpg","articleSection":["Comunidados"],"inLanguage":"es"},{"@type":"WebPage","@id":"https:\/\/www.grupotagar.com\/es\/laso-e-grupo-tagar-anunciaram-parceria\/","url":"https:\/\/www.grupotagar.com\/es\/laso-e-grupo-tagar-anunciaram-parceria\/","name":"LASO y GRUPO TAGAR Anuncian Alianza - Grupo Tagar","isPartOf":{"@id":"https:\/\/www.grupotagar.com\/es\/#website"},"primaryImageOfPage":{"@id":"https:\/\/www.grupotagar.com\/es\/laso-e-grupo-tagar-anunciaram-parceria\/#primaryimage"},"image":{"@id":"https:\/\/www.grupotagar.com\/es\/laso-e-grupo-tagar-anunciaram-parceria\/#primaryimage"},"thumbnailUrl":"https:\/\/www.grupotagar.com\/wp-content\/uploads\/2025\/05\/LASO-and-TAGAR-GROUP-alliance-scaled-1.jpg","datePublished":"2025-05-09T09:27:44+00:00","dateModified":"2025-05-09T09:30:53+00:00","breadcrumb":{"@id":"https:\/\/www.grupotagar.com\/es\/laso-e-grupo-tagar-anunciaram-parceria\/#breadcrumb"},"inLanguage":"es","potentialAction":[{"@type":"ReadAction","target":["https:\/\/www.grupotagar.com\/es\/laso-e-grupo-tagar-anunciaram-parceria\/"]}]},{"@type":"ImageObject","inLanguage":"es","@id":"https:\/\/www.grupotagar.com\/es\/laso-e-grupo-tagar-anunciaram-parceria\/#primaryimage","url":"https:\/\/www.grupotagar.com\/wp-content\/uploads\/2025\/05\/LASO-and-TAGAR-GROUP-alliance-scaled-1.jpg","contentUrl":"https:\/\/www.grupotagar.com\/wp-content\/uploads\/2025\/05\/LASO-and-TAGAR-GROUP-alliance-scaled-1.jpg","width":2048,"height":1243},{"@type":"BreadcrumbList","@id":"https:\/\/www.grupotagar.com\/es\/laso-e-grupo-tagar-anunciaram-parceria\/#breadcrumb","itemListElement":[{"@type":"ListItem","position":1,"name":"In\u00edcio","item":"https:\/\/www.grupotagar.com\/es\/"},{"@type":"ListItem","position":2,"name":"LASO y GRUPO TAGAR Anuncian Alianza"}]},{"@type":"WebSite","@id":"https:\/\/www.grupotagar.com\/es\/#website","url":"https:\/\/www.grupotagar.com\/es\/","name":"Grupo Tagar","description":"We Make Your Project Happen","publisher":{"@id":"https:\/\/www.grupotagar.com\/es\/#organization"},"potentialAction":[{"@type":"SearchAction","target":{"@type":"EntryPoint","urlTemplate":"https:\/\/www.grupotagar.com\/es\/?s={search_term_string}"},"query-input":{"@type":"PropertyValueSpecification","valueRequired":true,"valueName":"search_term_string"}}],"inLanguage":"es"},{"@type":"Organization","@id":"https:\/\/www.grupotagar.com\/es\/#organization","name":"Grupo Tagar","url":"https:\/\/www.grupotagar.com\/es\/","logo":{"@type":"ImageObject","inLanguage":"es","@id":"https:\/\/www.grupotagar.com\/es\/#\/schema\/logo\/image\/","url":"https:\/\/www.grupotagar.com\/wp-content\/uploads\/2019\/07\/grupotagar.png","contentUrl":"https:\/\/www.grupotagar.com\/wp-content\/uploads\/2019\/07\/grupotagar.png","width":210,"height":80,"caption":"Grupo Tagar"},"image":{"@id":"https:\/\/www.grupotagar.com\/es\/#\/schema\/logo\/image\/"},"sameAs":["https:\/\/www.facebook.com\/grupotagar\/","https:\/\/www.linkedin.com\/company\/grupotagar\/","https:\/\/www.youtube.com\/user\/grupotagar"]},{"@type":"Person","@id":"https:\/\/www.grupotagar.com\/es\/#\/schema\/person\/cbbfc396070547713bddcac1f73de65e","name":"fabiosilva"}]}},"_links":{"self":[{"href":"https:\/\/www.grupotagar.com\/es\/wp-json\/wp\/v2\/posts\/7723","targetHints":{"allow":["GET"]}}],"collection":[{"href":"https:\/\/www.grupotagar.com\/es\/wp-json\/wp\/v2\/posts"}],"about":[{"href":"https:\/\/www.grupotagar.com\/es\/wp-json\/wp\/v2\/types\/post"}],"author":[{"embeddable":true,"href":"https:\/\/www.grupotagar.com\/es\/wp-json\/wp\/v2\/users\/1"}],"replies":[{"embeddable":true,"href":"https:\/\/www.grupotagar.com\/es\/wp-json\/wp\/v2\/comments?post=7723"}],"version-history":[{"count":1,"href":"https:\/\/www.grupotagar.com\/es\/wp-json\/wp\/v2\/posts\/7723\/revisions"}],"predecessor-version":[{"id":7725,"href":"https:\/\/www.grupotagar.com\/es\/wp-json\/wp\/v2\/posts\/7723\/revisions\/7725"}],"wp:featuredmedia":[{"embeddable":true,"href":"https:\/\/www.grupotagar.com\/es\/wp-json\/wp\/v2\/media\/7719"}],"wp:attachment":[{"href":"https:\/\/www.grupotagar.com\/es\/wp-json\/wp\/v2\/media?parent=7723"}],"wp:term":[{"taxonomy":"category","embeddable":true,"href":"https:\/\/www.grupotagar.com\/es\/wp-json\/wp\/v2\/categories?post=7723"},{"taxonomy":"post_tag","embeddable":true,"href":"https:\/\/www.grupotagar.com\/es\/wp-json\/wp\/v2\/tags?post=7723"}],"curies":[{"name":"wp","href":"https:\/\/api.w.org\/{rel}","templated":true}]}}